{"id":5740,"date":"2020-09-02T16:01:46","date_gmt":"2020-09-02T14:01:46","guid":{"rendered":"https:\/\/lycea.fr\/courtier\/?p=5740"},"modified":"2020-09-02T16:11:31","modified_gmt":"2020-09-02T14:11:31","slug":"journees-du-courtage-2020","status":"publish","type":"post","link":"https:\/\/lycea.fr\/courtier\/journees-du-courtage-2020\/","title":{"rendered":"Journ\u00e9es du Courtage 2020"},"content":{"rendered":"<p>Chers Partenaires,<\/p>\n<p>C\u2019est avec plaisir que nous vous accueillerons sur le stand P08 les Mardi 15 et Mercredi 16 Septembre au Palais des Congr\u00e8s \u00e0 Paris lors des Journ\u00e9es du Courtage 2020. Ce sera l\u2019occasion de vous faire d\u00e9couvrir nos solutions d\u2019assurance :<\/p>\n<p>&#8211; Annulation Ev\u00e8nement<br \/>\n&#8211; Globale Bijouterie<br \/>\n&#8211; Tous risques s\u00e9jour utilisation objets de loisir ou professionnels<br \/>\n&#8211; Dommages aux biens<br \/>\n&#8211; Marchandises transport\u00e9es<\/p>\n<p>Nous esp\u00e9rons avoir l\u2019occasion d\u2019\u00e9changer avec vous !<\/p>\n<p><img data-opt-id=1301836168  fetchpriority=\"high\" decoding=\"async\" class=\"aligncenter size-full wp-image-5591\" src=\"https:\/\/mlqypjg5vbew.i.optimole.com\/w:auto\/h:auto\/q:mauto\/ig:avif\/https:\/\/lycea.fr\/courtier\/wp-content\/uploads\/2018\/07\/expertise-01.jpg\" alt=\"\" width=\"1704\" height=\"1755\" srcset=\"https:\/\/mlqypjg5vbew.i.optimole.com\/w:1048\/h:1080\/q:mauto\/ig:avif\/https:\/\/lycea.fr\/courtier\/wp-content\/uploads\/2018\/07\/expertise-01.jpg 1704w, https:\/\/mlqypjg5vbew.i.optimole.com\/w:291\/h:300\/q:mauto\/ig:avif\/https:\/\/lycea.fr\/courtier\/wp-content\/uploads\/2018\/07\/expertise-01.jpg 291w, https:\/\/mlqypjg5vbew.i.optimole.com\/w:768\/h:791\/q:mauto\/ig:avif\/https:\/\/lycea.fr\/courtier\/wp-content\/uploads\/2018\/07\/expertise-01.jpg 768w, https:\/\/mlqypjg5vbew.i.optimole.com\/w:1000\/h:1030\/q:mauto\/ig:avif\/https:\/\/lycea.fr\/courtier\/wp-content\/uploads\/2018\/07\/expertise-01.jpg 1000w\" sizes=\"(max-width: 980px) 100vw, 980px\" \/><\/p>\n","protected":false},"excerpt":{"rendered":"<p>Chers Partenaires, C\u2019est avec plaisir que nous vous accueillerons sur le stand P08 les Mardi 15 et Mercredi 16 Septembre au Palais des Congr\u00e8s \u00e0 Paris lors des Journ\u00e9es du Courtage 2020. Ce sera l\u2019occasion de vous faire d\u00e9couvrir nos solutions d\u2019assurance : &#8211; Annulation Ev\u00e8nement &#8211; Globale Bijouterie &#8211; Tous risques s\u00e9jour utilisation objets&hellip;<\/p>\n","protected":false},"author":4,"featured_media":5741,"comment_status":"closed","ping_status":"open","sticky":false,"template":"","format":"standard","meta":{"footnotes":""},"categories":[41],"tags":[],"post_series":[],"class_list":["post-5740","post","type-post","status-publish","format-standard","has-post-thumbnail","hentry","category-articles","entry","has-media"],"yoast_head":"<!-- This site is optimized with the Yoast SEO plugin v27.2 - https:\/\/yoast.com\/product\/yoast-seo-wordpress\/ -->\n<title>Journ\u00e9es du Courtage 2020 - Lyc\u00e9a Courtier<\/title>\n<meta name=\"robots\" content=\"noindex, follow\" \/>\n<meta property=\"og:locale\" content=\"fr_FR\" \/>\n<meta property=\"og:type\" content=\"article\" \/>\n<meta property=\"og:title\" content=\"Journ\u00e9es du Courtage 2020 - Lyc\u00e9a Courtier\" \/>\n<meta property=\"og:description\" content=\"Chers Partenaires, C\u2019est avec plaisir que nous vous accueillerons sur le stand P08 les Mardi 15 et Mercredi 16 Septembre au Palais des Congr\u00e8s \u00e0 Paris lors des Journ\u00e9es du Courtage 2020. Ce sera l\u2019occasion de vous faire d\u00e9couvrir nos solutions d\u2019assurance : &#8211; Annulation Ev\u00e8nement &#8211; Globale Bijouterie &#8211; Tous risques s\u00e9jour utilisation objets&hellip;\" \/>\n<meta property=\"og:url\" content=\"https:\/\/lycea.fr\/courtier\/journees-du-courtage-2020\/\" \/>\n<meta property=\"og:site_name\" content=\"Lyc\u00e9a Courtier\" \/>\n<meta property=\"article:published_time\" content=\"2020-09-02T14:01:46+00:00\" \/>\n<meta property=\"article:modified_time\" content=\"2020-09-02T14:11:31+00:00\" \/>\n<meta property=\"og:image\" content=\"https:\/\/mlqypjg5vbew.i.optimole.com\/w:auto\/h:auto\/q:mauto\/ig:avif\/https:\/\/lycea.fr\/courtier\/wp-content\/uploads\/2020\/09\/Nous-y-serons_440x220px.png\" \/>\n\t<meta property=\"og:image:width\" content=\"439\" \/>\n\t<meta property=\"og:image:height\" content=\"220\" \/>\n\t<meta property=\"og:image:type\" content=\"image\/png\" \/>\n<meta name=\"author\" content=\"Edward Porte\" \/>\n<meta name=\"twitter:card\" content=\"summary_large_image\" \/>\n<meta name=\"twitter:label1\" content=\"\u00c9crit par\" \/>\n\t<meta name=\"twitter:data1\" content=\"Edward Porte\" \/>\n<script type=\"application\/ld+json\" class=\"yoast-schema-graph\">{\"@context\":\"https:\/\/schema.org\",\"@graph\":[{\"@type\":\"Article\",\"@id\":\"https:\/\/lycea.fr\/courtier\/journees-du-courtage-2020\/#article\",\"isPartOf\":{\"@id\":\"https:\/\/lycea.fr\/courtier\/journees-du-courtage-2020\/\"},\"author\":{\"name\":\"Edward Porte\",\"@id\":\"https:\/\/lycea.fr\/courtier\/#\/schema\/person\/8fc1f10a1fae632cc08d54056d028c02\"},\"headline\":\"Journ\u00e9es du Courtage 2020\",\"datePublished\":\"2020-09-02T14:01:46+00:00\",\"dateModified\":\"2020-09-02T14:11:31+00:00\",\"mainEntityOfPage\":{\"@id\":\"https:\/\/lycea.fr\/courtier\/journees-du-courtage-2020\/\"},\"wordCount\":84,\"publisher\":{\"@id\":\"https:\/\/lycea.fr\/courtier\/#organization\"},\"image\":{\"@id\":\"https:\/\/lycea.fr\/courtier\/journees-du-courtage-2020\/#primaryimage\"},\"thumbnailUrl\":\"https:\/\/mlqypjg5vbew.i.optimole.com\/w:auto\/h:auto\/q:mauto\/ig:avif\/https:\/\/lycea.fr\/courtier\/wp-content\/uploads\/2020\/09\/Nous-y-serons_440x220px.png\",\"articleSection\":[\"Articles\"],\"inLanguage\":\"fr-FR\"},{\"@type\":\"WebPage\",\"@id\":\"https:\/\/lycea.fr\/courtier\/journees-du-courtage-2020\/\",\"url\":\"https:\/\/lycea.fr\/courtier\/journees-du-courtage-2020\/\",\"name\":\"Journ\u00e9es du Courtage 2020 - Lyc\u00e9a Courtier\",\"isPartOf\":{\"@id\":\"https:\/\/lycea.fr\/courtier\/#website\"},\"primaryImageOfPage\":{\"@id\":\"https:\/\/lycea.fr\/courtier\/journees-du-courtage-2020\/#primaryimage\"},\"image\":{\"@id\":\"https:\/\/lycea.fr\/courtier\/journees-du-courtage-2020\/#primaryimage\"},\"thumbnailUrl\":\"https:\/\/mlqypjg5vbew.i.optimole.com\/w:auto\/h:auto\/q:mauto\/ig:avif\/https:\/\/lycea.fr\/courtier\/wp-content\/uploads\/2020\/09\/Nous-y-serons_440x220px.png\",\"datePublished\":\"2020-09-02T14:01:46+00:00\",\"dateModified\":\"2020-09-02T14:11:31+00:00\",\"breadcrumb\":{\"@id\":\"https:\/\/lycea.fr\/courtier\/journees-du-courtage-2020\/#breadcrumb\"},\"inLanguage\":\"fr-FR\",\"potentialAction\":[{\"@type\":\"ReadAction\",\"target\":[\"https:\/\/lycea.fr\/courtier\/journees-du-courtage-2020\/\"]}]},{\"@type\":\"ImageObject\",\"inLanguage\":\"fr-FR\",\"@id\":\"https:\/\/lycea.fr\/courtier\/journees-du-courtage-2020\/#primaryimage\",\"url\":\"https:\/\/mlqypjg5vbew.i.optimole.com\/w:auto\/h:auto\/q:mauto\/ig:avif\/https:\/\/lycea.fr\/courtier\/wp-content\/uploads\/2020\/09\/Nous-y-serons_440x220px.png\",\"contentUrl\":\"https:\/\/mlqypjg5vbew.i.optimole.com\/w:auto\/h:auto\/q:mauto\/ig:avif\/https:\/\/lycea.fr\/courtier\/wp-content\/uploads\/2020\/09\/Nous-y-serons_440x220px.png\",\"width\":439,\"height\":220},{\"@type\":\"BreadcrumbList\",\"@id\":\"https:\/\/lycea.fr\/courtier\/journees-du-courtage-2020\/#breadcrumb\",\"itemListElement\":[{\"@type\":\"ListItem\",\"position\":1,\"name\":\"Accueil\",\"item\":\"https:\/\/lycea.fr\/courtier\/\"},{\"@type\":\"ListItem\",\"position\":2,\"name\":\"Journ\u00e9es du Courtage 2020\"}]},{\"@type\":\"WebSite\",\"@id\":\"https:\/\/lycea.fr\/courtier\/#website\",\"url\":\"https:\/\/lycea.fr\/courtier\/\",\"name\":\"Lyc\u00e9a Courtier\",\"description\":\"Agent souscripteur en assurances\",\"publisher\":{\"@id\":\"https:\/\/lycea.fr\/courtier\/#organization\"},\"potentialAction\":[{\"@type\":\"SearchAction\",\"target\":{\"@type\":\"EntryPoint\",\"urlTemplate\":\"https:\/\/lycea.fr\/courtier\/?s={search_term_string}\"},\"query-input\":{\"@type\":\"PropertyValueSpecification\",\"valueRequired\":true,\"valueName\":\"search_term_string\"}}],\"inLanguage\":\"fr-FR\"},{\"@type\":\"Organization\",\"@id\":\"https:\/\/lycea.fr\/courtier\/#organization\",\"name\":\"Lyc\u00e9a Courtier\",\"url\":\"https:\/\/lycea.fr\/courtier\/\",\"logo\":{\"@type\":\"ImageObject\",\"inLanguage\":\"fr-FR\",\"@id\":\"https:\/\/lycea.fr\/courtier\/#\/schema\/logo\/image\/\",\"url\":\"https:\/\/mlqypjg5vbew.i.optimole.com\/w:auto\/h:auto\/q:mauto\/ig:avif\/https:\/\/lycea.fr\/courtier\/wp-content\/uploads\/2021\/06\/logo-lycea.png\",\"contentUrl\":\"https:\/\/mlqypjg5vbew.i.optimole.com\/w:auto\/h:auto\/q:mauto\/ig:avif\/https:\/\/lycea.fr\/courtier\/wp-content\/uploads\/2021\/06\/logo-lycea.png\",\"width\":324,\"height\":116,\"caption\":\"Lyc\u00e9a Courtier\"},\"image\":{\"@id\":\"https:\/\/lycea.fr\/courtier\/#\/schema\/logo\/image\/\"}},{\"@type\":\"Person\",\"@id\":\"https:\/\/lycea.fr\/courtier\/#\/schema\/person\/8fc1f10a1fae632cc08d54056d028c02\",\"name\":\"Edward Porte\",\"image\":{\"@type\":\"ImageObject\",\"inLanguage\":\"fr-FR\",\"@id\":\"https:\/\/secure.gravatar.com\/avatar\/f81810664974ea2587ffc48360d116dbcdfe7b5b0ef0560d766cd635b6a59566?s=96&d=blank&r=g\",\"url\":\"https:\/\/secure.gravatar.com\/avatar\/f81810664974ea2587ffc48360d116dbcdfe7b5b0ef0560d766cd635b6a59566?s=96&d=blank&r=g\",\"contentUrl\":\"https:\/\/secure.gravatar.com\/avatar\/f81810664974ea2587ffc48360d116dbcdfe7b5b0ef0560d766cd635b6a59566?s=96&d=blank&r=g\",\"caption\":\"Edward Porte\"}}]}<\/script>\n<!-- \/ Yoast SEO plugin. -->","yoast_head_json":{"title":"Journ\u00e9es du Courtage 2020 - Lyc\u00e9a Courtier","robots":{"index":"noindex","follow":"follow"},"og_locale":"fr_FR","og_type":"article","og_title":"Journ\u00e9es du Courtage 2020 - Lyc\u00e9a Courtier","og_description":"Chers Partenaires, C\u2019est avec plaisir que nous vous accueillerons sur le stand P08 les Mardi 15 et Mercredi 16 Septembre au Palais des Congr\u00e8s \u00e0 Paris lors des Journ\u00e9es du Courtage 2020. Ce sera l\u2019occasion de vous faire d\u00e9couvrir nos solutions d\u2019assurance : &#8211; Annulation Ev\u00e8nement &#8211; Globale Bijouterie &#8211; Tous risques s\u00e9jour utilisation objets&hellip;","og_url":"https:\/\/lycea.fr\/courtier\/journees-du-courtage-2020\/","og_site_name":"Lyc\u00e9a Courtier","article_published_time":"2020-09-02T14:01:46+00:00","article_modified_time":"2020-09-02T14:11:31+00:00","og_image":[{"width":439,"height":220,"url":"https:\/\/mlqypjg5vbew.i.optimole.com\/w:auto\/h:auto\/q:mauto\/ig:avif\/https:\/\/lycea.fr\/courtier\/wp-content\/uploads\/2020\/09\/Nous-y-serons_440x220px.png","type":"image\/png"}],"author":"Edward Porte","twitter_card":"summary_large_image","twitter_misc":{"\u00c9crit par":"Edward Porte"},"schema":{"@context":"https:\/\/schema.org","@graph":[{"@type":"Article","@id":"https:\/\/lycea.fr\/courtier\/journees-du-courtage-2020\/#article","isPartOf":{"@id":"https:\/\/lycea.fr\/courtier\/journees-du-courtage-2020\/"},"author":{"name":"Edward Porte","@id":"https:\/\/lycea.fr\/courtier\/#\/schema\/person\/8fc1f10a1fae632cc08d54056d028c02"},"headline":"Journ\u00e9es du Courtage 2020","datePublished":"2020-09-02T14:01:46+00:00","dateModified":"2020-09-02T14:11:31+00:00","mainEntityOfPage":{"@id":"https:\/\/lycea.fr\/courtier\/journees-du-courtage-2020\/"},"wordCount":84,"publisher":{"@id":"https:\/\/lycea.fr\/courtier\/#organization"},"image":{"@id":"https:\/\/lycea.fr\/courtier\/journees-du-courtage-2020\/#primaryimage"},"thumbnailUrl":"https:\/\/mlqypjg5vbew.i.optimole.com\/w:auto\/h:auto\/q:mauto\/ig:avif\/https:\/\/lycea.fr\/courtier\/wp-content\/uploads\/2020\/09\/Nous-y-serons_440x220px.png","articleSection":["Articles"],"inLanguage":"fr-FR"},{"@type":"WebPage","@id":"https:\/\/lycea.fr\/courtier\/journees-du-courtage-2020\/","url":"https:\/\/lycea.fr\/courtier\/journees-du-courtage-2020\/","name":"Journ\u00e9es du Courtage 2020 - Lyc\u00e9a Courtier","isPartOf":{"@id":"https:\/\/lycea.fr\/courtier\/#website"},"primaryImageOfPage":{"@id":"https:\/\/lycea.fr\/courtier\/journees-du-courtage-2020\/#primaryimage"},"image":{"@id":"https:\/\/lycea.fr\/courtier\/journees-du-courtage-2020\/#primaryimage"},"thumbnailUrl":"https:\/\/mlqypjg5vbew.i.optimole.com\/w:auto\/h:auto\/q:mauto\/ig:avif\/https:\/\/lycea.fr\/courtier\/wp-content\/uploads\/2020\/09\/Nous-y-serons_440x220px.png","datePublished":"2020-09-02T14:01:46+00:00","dateModified":"2020-09-02T14:11:31+00:00","breadcrumb":{"@id":"https:\/\/lycea.fr\/courtier\/journees-du-courtage-2020\/#breadcrumb"},"inLanguage":"fr-FR","potentialAction":[{"@type":"ReadAction","target":["https:\/\/lycea.fr\/courtier\/journees-du-courtage-2020\/"]}]},{"@type":"ImageObject","inLanguage":"fr-FR","@id":"https:\/\/lycea.fr\/courtier\/journees-du-courtage-2020\/#primaryimage","url":"https:\/\/mlqypjg5vbew.i.optimole.com\/w:auto\/h:auto\/q:mauto\/ig:avif\/https:\/\/lycea.fr\/courtier\/wp-content\/uploads\/2020\/09\/Nous-y-serons_440x220px.png","contentUrl":"https:\/\/mlqypjg5vbew.i.optimole.com\/w:auto\/h:auto\/q:mauto\/ig:avif\/https:\/\/lycea.fr\/courtier\/wp-content\/uploads\/2020\/09\/Nous-y-serons_440x220px.png","width":439,"height":220},{"@type":"BreadcrumbList","@id":"https:\/\/lycea.fr\/courtier\/journees-du-courtage-2020\/#breadcrumb","itemListElement":[{"@type":"ListItem","position":1,"name":"Accueil","item":"https:\/\/lycea.fr\/courtier\/"},{"@type":"ListItem","position":2,"name":"Journ\u00e9es du Courtage 2020"}]},{"@type":"WebSite","@id":"https:\/\/lycea.fr\/courtier\/#website","url":"https:\/\/lycea.fr\/courtier\/","name":"Lyc\u00e9a Courtier","description":"Agent souscripteur en assurances","publisher":{"@id":"https:\/\/lycea.fr\/courtier\/#organization"},"potentialAction":[{"@type":"SearchAction","target":{"@type":"EntryPoint","urlTemplate":"https:\/\/lycea.fr\/courtier\/?s={search_term_string}"},"query-input":{"@type":"PropertyValueSpecification","valueRequired":true,"valueName":"search_term_string"}}],"inLanguage":"fr-FR"},{"@type":"Organization","@id":"https:\/\/lycea.fr\/courtier\/#organization","name":"Lyc\u00e9a Courtier","url":"https:\/\/lycea.fr\/courtier\/","logo":{"@type":"ImageObject","inLanguage":"fr-FR","@id":"https:\/\/lycea.fr\/courtier\/#\/schema\/logo\/image\/","url":"https:\/\/mlqypjg5vbew.i.optimole.com\/w:auto\/h:auto\/q:mauto\/ig:avif\/https:\/\/lycea.fr\/courtier\/wp-content\/uploads\/2021\/06\/logo-lycea.png","contentUrl":"https:\/\/mlqypjg5vbew.i.optimole.com\/w:auto\/h:auto\/q:mauto\/ig:avif\/https:\/\/lycea.fr\/courtier\/wp-content\/uploads\/2021\/06\/logo-lycea.png","width":324,"height":116,"caption":"Lyc\u00e9a Courtier"},"image":{"@id":"https:\/\/lycea.fr\/courtier\/#\/schema\/logo\/image\/"}},{"@type":"Person","@id":"https:\/\/lycea.fr\/courtier\/#\/schema\/person\/8fc1f10a1fae632cc08d54056d028c02","name":"Edward Porte","image":{"@type":"ImageObject","inLanguage":"fr-FR","@id":"https:\/\/secure.gravatar.com\/avatar\/f81810664974ea2587ffc48360d116dbcdfe7b5b0ef0560d766cd635b6a59566?s=96&d=blank&r=g","url":"https:\/\/secure.gravatar.com\/avatar\/f81810664974ea2587ffc48360d116dbcdfe7b5b0ef0560d766cd635b6a59566?s=96&d=blank&r=g","contentUrl":"https:\/\/secure.gravatar.com\/avatar\/f81810664974ea2587ffc48360d116dbcdfe7b5b0ef0560d766cd635b6a59566?s=96&d=blank&r=g","caption":"Edward Porte"}}]}},"_links":{"self":[{"href":"https:\/\/lycea.fr\/courtier\/wp-json\/wp\/v2\/posts\/5740","targetHints":{"allow":["GET"]}}],"collection":[{"href":"https:\/\/lycea.fr\/courtier\/wp-json\/wp\/v2\/posts"}],"about":[{"href":"https:\/\/lycea.fr\/courtier\/wp-json\/wp\/v2\/types\/post"}],"author":[{"embeddable":true,"href":"https:\/\/lycea.fr\/courtier\/wp-json\/wp\/v2\/users\/4"}],"replies":[{"embeddable":true,"href":"https:\/\/lycea.fr\/courtier\/wp-json\/wp\/v2\/comments?post=5740"}],"version-history":[{"count":3,"href":"https:\/\/lycea.fr\/courtier\/wp-json\/wp\/v2\/posts\/5740\/revisions"}],"predecessor-version":[{"id":5744,"href":"https:\/\/lycea.fr\/courtier\/wp-json\/wp\/v2\/posts\/5740\/revisions\/5744"}],"wp:featuredmedia":[{"embeddable":true,"href":"https:\/\/lycea.fr\/courtier\/wp-json\/wp\/v2\/media\/5741"}],"wp:attachment":[{"href":"https:\/\/lycea.fr\/courtier\/wp-json\/wp\/v2\/media?parent=5740"}],"wp:term":[{"taxonomy":"category","embeddable":true,"href":"https:\/\/lycea.fr\/courtier\/wp-json\/wp\/v2\/categories?post=5740"},{"taxonomy":"post_tag","embeddable":true,"href":"https:\/\/lycea.fr\/courtier\/wp-json\/wp\/v2\/tags?post=5740"},{"taxonomy":"post_series","embeddable":true,"href":"https:\/\/lycea.fr\/courtier\/wp-json\/wp\/v2\/post_series?post=5740"}],"curies":[{"name":"wp","href":"https:\/\/api.w.org\/{rel}","templated":true}]}}